{"id":17539,"date":"2024-06-25T19:58:41","date_gmt":"2024-06-25T17:58:41","guid":{"rendered":"http:\/\/zszychlin.com.pl\/?p=17539"},"modified":"2024-06-25T19:58:42","modified_gmt":"2024-06-25T17:58:42","slug":"bo-wakacji-nadszedl-czas","status":"publish","type":"post","link":"http:\/\/zszychlin.com.pl\/index.php\/2024\/06\/25\/bo-wakacji-nadszedl-czas\/","title":{"rendered":"Bo wakacji nadszed\u0142 czas!"},"content":{"rendered":"\n<blockquote class=\"wp-block-quote is-layout-flow wp-block-quote-is-layout-flow\">\n<p>\u201eOstatni dzwonek rozbrzmiewa z wielk\u0105 si\u0142\u0105<\/p>\n\n\n\n<p>Za chwil\u0119 wszyscy w marzeniach si\u0119 rozp\u0142yn\u0105<\/p>\n\n\n\n<p>Ostatnie gesty i s\u0142owa po\u017cegnania<\/p>\n\n\n\n<p>Kilka u\u015bmiech\u00f3w i kilka \u0142ez\u201d.<\/p>\n<\/blockquote>\n\n\n\nngg_shortcode_0_placeholder\n\n\n\n<p>21 czerwca 2024 r. odby\u0142o si\u0119 uroczyste zako\u0144czenie roku szkolnego 2023\/2024. Po dziesi\u0119ciu miesi\u0105cach pracy i weso\u0142ej zabawy nadszed\u0142 wyczekiwany przez wszystkich uczni\u00f3w czas wakacji. Czas odpoczynku od podr\u0119cznik\u00f3w, zeszyt\u00f3w, \u0142awki szkolnej, dzwonka, porannego wstawania\u2026<\/p>\n\n\n\n<p>Trzecioklasi\u015bci \u015bpiewaj\u0105co po\u017cegnali si\u0119 z pierwszym etapem nauki w szkole podstawowej i swoimi wychowawcami. Wszyscy pierwszoklasi\u015bci otrzymali ksi\u0105\u017cki jako pami\u0105tki uko\u0144czenia klasy pierwszej. Wyr\u00f3\u017cnieni uczniowie klas II \u2013 VII zostali nagrodzeni nagrod\u0105 ksi\u0105\u017ckow\u0105. Uczniowie klasy VIII odebrali \u015bwiadectwa uko\u0144czenia Szko\u0142y Podstawowej, rozpocz\u0119li nowy etap w swoim \u017cyciu. Po\u017cegnali si\u0119 z wychowawcami, nauczycielami oraz z kolegami z \u0142awki.<\/p>\n\n\n\n<p>Po cz\u0119\u015bci oficjalnej, kt\u00f3r\u0105 przygotowa\u0142y odpowiednio: klasa VIII, klasa V oraz klasy III a i III b, wszyscy uczniowie wraz z wychowawcami udali si\u0119 do sal, by we w\u0142asnym gronie dokona\u0107 refleksji nad minionymi miesi\u0105cami oraz podzieli\u0107 si\u0119 wakacyjnymi planami.<\/p>\n\n\n\n<p>Wszystkim uczniom \u017cyczymy spokojnych, radosnych i s\u0142onecznych wakacji.<\/p>\n","protected":false},"excerpt":{"rendered":"<p>\u201eOstatni dzwonek rozbrzmiewa z wielk\u0105 si\u0142\u0105 Za chwil\u0119 wszyscy w marzeniach si\u0119 rozp\u0142yn\u0105<\/p>\n","protected":false},"author":1,"featured_media":17556,"comment_status":"closed","ping_status":"closed","sticky":false,"template":"","format":"standard","meta":{"ngg_post_thumbnail":0,"footnotes":""},"categories":[3],"tags":[],"class_list":["post-17539","post","type-post","status-publish","format-standard","has-post-thumbnail","hentry","category-wiadomosci","two-columns"],"_links":{"self":[{"href":"http:\/\/zszychlin.com.pl\/index.php\/wp-json\/wp\/v2\/posts\/17539","targetHints":{"allow":["GET"]}}],"collection":[{"href":"http:\/\/zszychlin.com.pl\/index.php\/wp-json\/wp\/v2\/posts"}],"about":[{"href":"http:\/\/zszychlin.com.pl\/index.php\/wp-json\/wp\/v2\/types\/post"}],"author":[{"embeddable":true,"href":"http:\/\/zszychlin.com.pl\/index.php\/wp-json\/wp\/v2\/users\/1"}],"replies":[{"embeddable":true,"href":"http:\/\/zszychlin.com.pl\/index.php\/wp-json\/wp\/v2\/comments?post=17539"}],"version-history":[{"count":1,"href":"http:\/\/zszychlin.com.pl\/index.php\/wp-json\/wp\/v2\/posts\/17539\/revisions"}],"predecessor-version":[{"id":17557,"href":"http:\/\/zszychlin.com.pl\/index.php\/wp-json\/wp\/v2\/posts\/17539\/revisions\/17557"}],"wp:featuredmedia":[{"embeddable":true,"href":"http:\/\/zszychlin.com.pl\/index.php\/wp-json\/wp\/v2\/media\/17556"}],"wp:attachment":[{"href":"http:\/\/zszychlin.com.pl\/index.php\/wp-json\/wp\/v2\/media?parent=17539"}],"wp:term":[{"taxonomy":"category","embeddable":true,"href":"http:\/\/zszychlin.com.pl\/index.php\/wp-json\/wp\/v2\/categories?post=17539"},{"taxonomy":"post_tag","embeddable":true,"href":"http:\/\/zszychlin.com.pl\/index.php\/wp-json\/wp\/v2\/tags?post=17539"}],"curies":[{"name":"wp","href":"https:\/\/api.w.org\/{rel}","templated":true}]}}