{"id":18230,"date":"2024-11-25T14:36:40","date_gmt":"2024-11-25T13:36:40","guid":{"rendered":"http:\/\/zszychlin.com.pl\/?p=18230"},"modified":"2024-11-26T09:29:43","modified_gmt":"2024-11-26T08:29:43","slug":"miedzynarodowy-dzien-praw-dziecka","status":"publish","type":"post","link":"http:\/\/zszychlin.com.pl\/index.php\/2024\/11\/25\/miedzynarodowy-dzien-praw-dziecka\/","title":{"rendered":"Mi\u0119dzynarodowy Dzie\u0144 Praw Dziecka"},"content":{"rendered":"\n<figure class=\"wp-block-gallery has-nested-images columns-default is-cropped wp-block-gallery-1 is-layout-flex wp-block-gallery-is-layout-flex\">\n<figure class=\"wp-block-image size-large\"><img loading=\"lazy\" decoding=\"async\" width=\"1024\" height=\"478\" data-id=\"18263\" src=\"http:\/\/zszychlin.com.pl\/wp-content\/uploads\/2024\/11\/0fb7fbe6-713f-452f-8114-5d723e9398ac-1024x478.jpg\" alt=\"\" class=\"wp-image-18263\" srcset=\"http:\/\/zszychlin.com.pl\/wp-content\/uploads\/2024\/11\/0fb7fbe6-713f-452f-8114-5d723e9398ac-1024x478.jpg 1024w, http:\/\/zszychlin.com.pl\/wp-content\/uploads\/2024\/11\/0fb7fbe6-713f-452f-8114-5d723e9398ac-300x140.jpg 300w, http:\/\/zszychlin.com.pl\/wp-content\/uploads\/2024\/11\/0fb7fbe6-713f-452f-8114-5d723e9398ac-768x359.jpg 768w, http:\/\/zszychlin.com.pl\/wp-content\/uploads\/2024\/11\/0fb7fbe6-713f-452f-8114-5d723e9398ac-1536x717.jpg 1536w, http:\/\/zszychlin.com.pl\/wp-content\/uploads\/2024\/11\/0fb7fbe6-713f-452f-8114-5d723e9398ac-1170x546.jpg 1170w, http:\/\/zszychlin.com.pl\/wp-content\/uploads\/2024\/11\/0fb7fbe6-713f-452f-8114-5d723e9398ac-24x11.jpg 24w, http:\/\/zszychlin.com.pl\/wp-content\/uploads\/2024\/11\/0fb7fbe6-713f-452f-8114-5d723e9398ac-36x17.jpg 36w, http:\/\/zszychlin.com.pl\/wp-content\/uploads\/2024\/11\/0fb7fbe6-713f-452f-8114-5d723e9398ac-48x22.jpg 48w, http:\/\/zszychlin.com.pl\/wp-content\/uploads\/2024\/11\/0fb7fbe6-713f-452f-8114-5d723e9398ac.jpg 2048w\" sizes=\"auto, (max-width: 1024px) 100vw, 1024px\" \/><\/figure>\n\n\n\n<figure class=\"wp-block-image size-large\"><img loading=\"lazy\" decoding=\"async\" width=\"1024\" height=\"892\" data-id=\"18265\" src=\"http:\/\/zszychlin.com.pl\/wp-content\/uploads\/2024\/11\/582f48c4-292b-43d2-8b1f-e48c481f22ac-1024x892.jpg\" alt=\"\" class=\"wp-image-18265\" srcset=\"http:\/\/zszychlin.com.pl\/wp-content\/uploads\/2024\/11\/582f48c4-292b-43d2-8b1f-e48c481f22ac-1024x892.jpg 1024w, http:\/\/zszychlin.com.pl\/wp-content\/uploads\/2024\/11\/582f48c4-292b-43d2-8b1f-e48c481f22ac-300x261.jpg 300w, http:\/\/zszychlin.com.pl\/wp-content\/uploads\/2024\/11\/582f48c4-292b-43d2-8b1f-e48c481f22ac-768x669.jpg 768w, http:\/\/zszychlin.com.pl\/wp-content\/uploads\/2024\/11\/582f48c4-292b-43d2-8b1f-e48c481f22ac-1536x1338.jpg 1536w, http:\/\/zszychlin.com.pl\/wp-content\/uploads\/2024\/11\/582f48c4-292b-43d2-8b1f-e48c481f22ac-1170x1019.jpg 1170w, http:\/\/zszychlin.com.pl\/wp-content\/uploads\/2024\/11\/582f48c4-292b-43d2-8b1f-e48c481f22ac-24x21.jpg 24w, http:\/\/zszychlin.com.pl\/wp-content\/uploads\/2024\/11\/582f48c4-292b-43d2-8b1f-e48c481f22ac-36x31.jpg 36w, http:\/\/zszychlin.com.pl\/wp-content\/uploads\/2024\/11\/582f48c4-292b-43d2-8b1f-e48c481f22ac-48x42.jpg 48w, http:\/\/zszychlin.com.pl\/wp-content\/uploads\/2024\/11\/582f48c4-292b-43d2-8b1f-e48c481f22ac.jpg 1857w\" sizes=\"auto, (max-width: 1024px) 100vw, 1024px\" \/><\/figure>\n\n\n\n<figure class=\"wp-block-image size-large\"><img loading=\"lazy\" decoding=\"async\" width=\"1024\" height=\"500\" data-id=\"18264\" src=\"http:\/\/zszychlin.com.pl\/wp-content\/uploads\/2024\/11\/778a05ac-edac-4f64-86ad-43e597b84806-1024x500.jpg\" alt=\"\" class=\"wp-image-18264\" srcset=\"http:\/\/zszychlin.com.pl\/wp-content\/uploads\/2024\/11\/778a05ac-edac-4f64-86ad-43e597b84806-1024x500.jpg 1024w, http:\/\/zszychlin.com.pl\/wp-content\/uploads\/2024\/11\/778a05ac-edac-4f64-86ad-43e597b84806-300x147.jpg 300w, http:\/\/zszychlin.com.pl\/wp-content\/uploads\/2024\/11\/778a05ac-edac-4f64-86ad-43e597b84806-768x375.jpg 768w, http:\/\/zszychlin.com.pl\/wp-content\/uploads\/2024\/11\/778a05ac-edac-4f64-86ad-43e597b84806-1536x750.jpg 1536w, http:\/\/zszychlin.com.pl\/wp-content\/uploads\/2024\/11\/778a05ac-edac-4f64-86ad-43e597b84806-1170x572.jpg 1170w, http:\/\/zszychlin.com.pl\/wp-content\/uploads\/2024\/11\/778a05ac-edac-4f64-86ad-43e597b84806-24x12.jpg 24w, http:\/\/zszychlin.com.pl\/wp-content\/uploads\/2024\/11\/778a05ac-edac-4f64-86ad-43e597b84806-36x18.jpg 36w, http:\/\/zszychlin.com.pl\/wp-content\/uploads\/2024\/11\/778a05ac-edac-4f64-86ad-43e597b84806-48x23.jpg 48w, http:\/\/zszychlin.com.pl\/wp-content\/uploads\/2024\/11\/778a05ac-edac-4f64-86ad-43e597b84806.jpg 1920w\" sizes=\"auto, (max-width: 1024px) 100vw, 1024px\" \/><\/figure>\n<\/figure>\n\n\n\n<p>W naszej szkole i przedszkolu obchodzili\u015bmy Mi\u0119dzynarodowy Dzie\u0144 Praw Dziecka, kt\u00f3ry by\u0142 pe\u0142en wa\u017cnych wydarze\u0144 i refleksji. Tego dnia dzieci uczestniczy\u0142y w edukacyjnych warsztatach oraz przygotowa\u0142y kolorowe plakaty, kt\u00f3re ilustrowa\u0142y ich prawa. Zaj\u0119cia i rozmowy pomog\u0142y m\u0142odszym zrozumie\u0107, jak wa\u017cne jest przestrzeganie tych praw, ale r\u00f3wnie\u017c, jak je szanowa\u0107 w codziennym \u017cyciu.&nbsp;Aby wyrazi\u0107 solidarno\u015b\u0107 z dzie\u0107mi na ca\u0142ym \u015bwiecie, wszyscy ubrali\u015bmy si\u0119 na niebiesko, wspieraj\u0105c w ten spos\u00f3b akcj\u0119 UNICEF. Tego dnia razem pracowali\u015bmy na rzecz lepszego \u015bwiata dla dzieci, przypominaj\u0105c sobie, jak istotne s\u0105 ich prawa i jak mo\u017cemy je chroni\u0107.<br><br><br><\/p>\n","protected":false},"excerpt":{"rendered":"<p>W naszej szkole i przedszkolu obchodzili\u015bmy Mi\u0119dzynarodowy Dzie\u0144 Praw Dziecka, kt\u00f3ry by\u0142 pe\u0142en<\/p>\n","protected":false},"author":1,"featured_media":18266,"comment_status":"closed","ping_status":"closed","sticky":false,"template":"","format":"standard","meta":{"ngg_post_thumbnail":0,"footnotes":""},"categories":[3],"tags":[],"class_list":["post-18230","post","type-post","status-publish","format-standard","has-post-thumbnail","hentry","category-wiadomosci","two-columns"],"_links":{"self":[{"href":"http:\/\/zszychlin.com.pl\/index.php\/wp-json\/wp\/v2\/posts\/18230","targetHints":{"allow":["GET"]}}],"collection":[{"href":"http:\/\/zszychlin.com.pl\/index.php\/wp-json\/wp\/v2\/posts"}],"about":[{"href":"http:\/\/zszychlin.com.pl\/index.php\/wp-json\/wp\/v2\/types\/post"}],"author":[{"embeddable":true,"href":"http:\/\/zszychlin.com.pl\/index.php\/wp-json\/wp\/v2\/users\/1"}],"replies":[{"embeddable":true,"href":"http:\/\/zszychlin.com.pl\/index.php\/wp-json\/wp\/v2\/comments?post=18230"}],"version-history":[{"count":2,"href":"http:\/\/zszychlin.com.pl\/index.php\/wp-json\/wp\/v2\/posts\/18230\/revisions"}],"predecessor-version":[{"id":18267,"href":"http:\/\/zszychlin.com.pl\/index.php\/wp-json\/wp\/v2\/posts\/18230\/revisions\/18267"}],"wp:featuredmedia":[{"embeddable":true,"href":"http:\/\/zszychlin.com.pl\/index.php\/wp-json\/wp\/v2\/media\/18266"}],"wp:attachment":[{"href":"http:\/\/zszychlin.com.pl\/index.php\/wp-json\/wp\/v2\/media?parent=18230"}],"wp:term":[{"taxonomy":"category","embeddable":true,"href":"http:\/\/zszychlin.com.pl\/index.php\/wp-json\/wp\/v2\/categories?post=18230"},{"taxonomy":"post_tag","embeddable":true,"href":"http:\/\/zszychlin.com.pl\/index.php\/wp-json\/wp\/v2\/tags?post=18230"}],"curies":[{"name":"wp","href":"https:\/\/api.w.org\/{rel}","templated":true}]}}