{"id":19303,"date":"2025-04-16T19:51:35","date_gmt":"2025-04-16T17:51:35","guid":{"rendered":"http:\/\/zszychlin.com.pl\/?p=19303"},"modified":"2025-04-22T19:53:43","modified_gmt":"2025-04-22T17:53:43","slug":"sniadanie-wielkanocne-u-przedszkolakow","status":"publish","type":"post","link":"http:\/\/zszychlin.com.pl\/index.php\/2025\/04\/16\/sniadanie-wielkanocne-u-przedszkolakow\/","title":{"rendered":"\u015aniadanie Wielkanocne u przedszkolak\u00f3w"},"content":{"rendered":"\n<figure class=\"wp-block-gallery has-nested-images columns-default is-cropped wp-block-gallery-1 is-layout-flex wp-block-gallery-is-layout-flex\">\n<figure class=\"wp-block-image size-large\"><img loading=\"lazy\" decoding=\"async\" width=\"1024\" height=\"771\" data-id=\"19306\" src=\"http:\/\/zszychlin.com.pl\/wp-content\/uploads\/2025\/04\/3-34-1-1024x771.jpg\" alt=\"\u015aniadanie Wielkanocne u przedszkolak\u00f3w\" class=\"wp-image-19306\" srcset=\"http:\/\/zszychlin.com.pl\/wp-content\/uploads\/2025\/04\/3-34-1-1024x771.jpg 1024w, http:\/\/zszychlin.com.pl\/wp-content\/uploads\/2025\/04\/3-34-1-300x226.jpg 300w, http:\/\/zszychlin.com.pl\/wp-content\/uploads\/2025\/04\/3-34-1-768x578.jpg 768w, http:\/\/zszychlin.com.pl\/wp-content\/uploads\/2025\/04\/3-34-1-1536x1157.jpg 1536w, http:\/\/zszychlin.com.pl\/wp-content\/uploads\/2025\/04\/3-34-1-1170x881.jpg 1170w, http:\/\/zszychlin.com.pl\/wp-content\/uploads\/2025\/04\/3-34-1-24x18.jpg 24w, http:\/\/zszychlin.com.pl\/wp-content\/uploads\/2025\/04\/3-34-1-36x27.jpg 36w, http:\/\/zszychlin.com.pl\/wp-content\/uploads\/2025\/04\/3-34-1-48x36.jpg 48w, http:\/\/zszychlin.com.pl\/wp-content\/uploads\/2025\/04\/3-34-1.jpg 2048w\" sizes=\"auto, (max-width: 1024px) 100vw, 1024px\" \/><\/figure>\n\n\n\n<figure class=\"wp-block-image size-large\"><img loading=\"lazy\" decoding=\"async\" width=\"1024\" height=\"610\" data-id=\"19308\" src=\"http:\/\/zszychlin.com.pl\/wp-content\/uploads\/2025\/04\/2-31-1-1024x610.jpg\" alt=\"\u015aniadanie Wielkanocne u przedszkolak\u00f3w\" class=\"wp-image-19308\" srcset=\"http:\/\/zszychlin.com.pl\/wp-content\/uploads\/2025\/04\/2-31-1-1024x610.jpg 1024w, http:\/\/zszychlin.com.pl\/wp-content\/uploads\/2025\/04\/2-31-1-300x179.jpg 300w, http:\/\/zszychlin.com.pl\/wp-content\/uploads\/2025\/04\/2-31-1-768x457.jpg 768w, http:\/\/zszychlin.com.pl\/wp-content\/uploads\/2025\/04\/2-31-1-1536x914.jpg 1536w, http:\/\/zszychlin.com.pl\/wp-content\/uploads\/2025\/04\/2-31-1-1170x696.jpg 1170w, http:\/\/zszychlin.com.pl\/wp-content\/uploads\/2025\/04\/2-31-1-24x14.jpg 24w, http:\/\/zszychlin.com.pl\/wp-content\/uploads\/2025\/04\/2-31-1-36x21.jpg 36w, http:\/\/zszychlin.com.pl\/wp-content\/uploads\/2025\/04\/2-31-1-48x29.jpg 48w, http:\/\/zszychlin.com.pl\/wp-content\/uploads\/2025\/04\/2-31-1.jpg 2048w\" sizes=\"auto, (max-width: 1024px) 100vw, 1024px\" \/><\/figure>\n\n\n\n<figure class=\"wp-block-image size-large\"><img loading=\"lazy\" decoding=\"async\" width=\"1024\" height=\"691\" data-id=\"19307\" src=\"http:\/\/zszychlin.com.pl\/wp-content\/uploads\/2025\/04\/1-36-1024x691.jpg\" alt=\"\u015aniadanie Wielkanocne u przedszkolak\u00f3w\" class=\"wp-image-19307\" srcset=\"http:\/\/zszychlin.com.pl\/wp-content\/uploads\/2025\/04\/1-36-1024x691.jpg 1024w, http:\/\/zszychlin.com.pl\/wp-content\/uploads\/2025\/04\/1-36-300x202.jpg 300w, http:\/\/zszychlin.com.pl\/wp-content\/uploads\/2025\/04\/1-36-768x518.jpg 768w, http:\/\/zszychlin.com.pl\/wp-content\/uploads\/2025\/04\/1-36-1536x1037.jpg 1536w, http:\/\/zszychlin.com.pl\/wp-content\/uploads\/2025\/04\/1-36-1170x790.jpg 1170w, http:\/\/zszychlin.com.pl\/wp-content\/uploads\/2025\/04\/1-36-24x16.jpg 24w, http:\/\/zszychlin.com.pl\/wp-content\/uploads\/2025\/04\/1-36-36x24.jpg 36w, http:\/\/zszychlin.com.pl\/wp-content\/uploads\/2025\/04\/1-36-48x32.jpg 48w, http:\/\/zszychlin.com.pl\/wp-content\/uploads\/2025\/04\/1-36.jpg 2048w\" sizes=\"auto, (max-width: 1024px) 100vw, 1024px\" \/><\/figure>\n<\/figure>\n\n\n\n<p>Jedn\u0105 z tradycji \u015awi\u0105t Wielkanocnych jest uroczyste \u015bniadanie, podczas kt\u00f3rego dzielimy si\u0119 jajkiem i sk\u0142adamy \u015bwi\u0105teczne \u017cyczenia. W naszym przedszkolu, jak co roku, piel\u0119gnowali\u015bmy ten zwyczaj. Dzieci wsp\u00f3lnie z paniami zasiad\u0142y do pi\u0119knie udekorowanego sto\u0142u, aby razem \u015bwi\u0119towa\u0107. Nie zabrak\u0142o tradycyjnych wielkanocnych przysmak\u00f3w oraz prezent\u00f3w od Zaj\u0105czka.<\/p>\n","protected":false},"excerpt":{"rendered":"<p>Jedn\u0105 z tradycji \u015awi\u0105t Wielkanocnych jest uroczyste \u015bniadanie, podczas kt\u00f3rego dzielimy si\u0119 jajkiem<\/p>\n","protected":false},"author":1,"featured_media":19309,"comment_status":"closed","ping_status":"closed","sticky":false,"template":"","format":"standard","meta":{"ngg_post_thumbnail":0,"footnotes":""},"categories":[11],"tags":[],"class_list":["post-19303","post","type-post","status-publish","format-standard","has-post-thumbnail","hentry","category-przedszkole","two-columns"],"_links":{"self":[{"href":"http:\/\/zszychlin.com.pl\/index.php\/wp-json\/wp\/v2\/posts\/19303","targetHints":{"allow":["GET"]}}],"collection":[{"href":"http:\/\/zszychlin.com.pl\/index.php\/wp-json\/wp\/v2\/posts"}],"about":[{"href":"http:\/\/zszychlin.com.pl\/index.php\/wp-json\/wp\/v2\/types\/post"}],"author":[{"embeddable":true,"href":"http:\/\/zszychlin.com.pl\/index.php\/wp-json\/wp\/v2\/users\/1"}],"replies":[{"embeddable":true,"href":"http:\/\/zszychlin.com.pl\/index.php\/wp-json\/wp\/v2\/comments?post=19303"}],"version-history":[{"count":1,"href":"http:\/\/zszychlin.com.pl\/index.php\/wp-json\/wp\/v2\/posts\/19303\/revisions"}],"predecessor-version":[{"id":19310,"href":"http:\/\/zszychlin.com.pl\/index.php\/wp-json\/wp\/v2\/posts\/19303\/revisions\/19310"}],"wp:featuredmedia":[{"embeddable":true,"href":"http:\/\/zszychlin.com.pl\/index.php\/wp-json\/wp\/v2\/media\/19309"}],"wp:attachment":[{"href":"http:\/\/zszychlin.com.pl\/index.php\/wp-json\/wp\/v2\/media?parent=19303"}],"wp:term":[{"taxonomy":"category","embeddable":true,"href":"http:\/\/zszychlin.com.pl\/index.php\/wp-json\/wp\/v2\/categories?post=19303"},{"taxonomy":"post_tag","embeddable":true,"href":"http:\/\/zszychlin.com.pl\/index.php\/wp-json\/wp\/v2\/tags?post=19303"}],"curies":[{"name":"wp","href":"https:\/\/api.w.org\/{rel}","templated":true}]}}