{"id":19968,"date":"2025-11-05T21:20:32","date_gmt":"2025-11-05T20:20:32","guid":{"rendered":"http:\/\/zszychlin.com.pl\/?p=19968"},"modified":"2025-11-05T21:20:33","modified_gmt":"2025-11-05T20:20:33","slug":"niechaj-zabrzmi-mazurek-dabrowskiego","status":"publish","type":"post","link":"http:\/\/zszychlin.com.pl\/index.php\/2025\/11\/05\/niechaj-zabrzmi-mazurek-dabrowskiego\/","title":{"rendered":"&#8222;Niechaj zabrzmi Mazurek D\u0105browskiego\u201d"},"content":{"rendered":"\n<figure class=\"wp-block-gallery has-nested-images columns-default is-cropped wp-block-gallery-1 is-layout-flex wp-block-gallery-is-layout-flex\">\n<figure class=\"wp-block-image size-large\"><img loading=\"lazy\" decoding=\"async\" width=\"1024\" height=\"768\" data-id=\"19969\" src=\"http:\/\/zszychlin.com.pl\/wp-content\/uploads\/2025\/11\/1000033876-1024x768.jpg\" alt=\"&quot;Niechaj zabrzmi Mazurek D\u0105browskiego\u201d\" class=\"wp-image-19969\" srcset=\"http:\/\/zszychlin.com.pl\/wp-content\/uploads\/2025\/11\/1000033876-1024x768.jpg 1024w, http:\/\/zszychlin.com.pl\/wp-content\/uploads\/2025\/11\/1000033876-300x225.jpg 300w, http:\/\/zszychlin.com.pl\/wp-content\/uploads\/2025\/11\/1000033876-768x576.jpg 768w, http:\/\/zszychlin.com.pl\/wp-content\/uploads\/2025\/11\/1000033876-1536x1152.jpg 1536w, http:\/\/zszychlin.com.pl\/wp-content\/uploads\/2025\/11\/1000033876-1170x878.jpg 1170w, http:\/\/zszychlin.com.pl\/wp-content\/uploads\/2025\/11\/1000033876-24x18.jpg 24w, http:\/\/zszychlin.com.pl\/wp-content\/uploads\/2025\/11\/1000033876-36x27.jpg 36w, http:\/\/zszychlin.com.pl\/wp-content\/uploads\/2025\/11\/1000033876-48x36.jpg 48w, http:\/\/zszychlin.com.pl\/wp-content\/uploads\/2025\/11\/1000033876.jpg 2048w\" sizes=\"auto, (max-width: 1024px) 100vw, 1024px\" \/><\/figure>\n\n\n\n<figure class=\"wp-block-image size-large\"><img loading=\"lazy\" decoding=\"async\" width=\"1024\" height=\"768\" data-id=\"19970\" src=\"http:\/\/zszychlin.com.pl\/wp-content\/uploads\/2025\/11\/1000033877-1024x768.jpg\" alt=\"&quot;Niechaj zabrzmi Mazurek D\u0105browskiego\u201d\" class=\"wp-image-19970\" srcset=\"http:\/\/zszychlin.com.pl\/wp-content\/uploads\/2025\/11\/1000033877-1024x768.jpg 1024w, http:\/\/zszychlin.com.pl\/wp-content\/uploads\/2025\/11\/1000033877-300x225.jpg 300w, http:\/\/zszychlin.com.pl\/wp-content\/uploads\/2025\/11\/1000033877-768x576.jpg 768w, http:\/\/zszychlin.com.pl\/wp-content\/uploads\/2025\/11\/1000033877-1536x1152.jpg 1536w, http:\/\/zszychlin.com.pl\/wp-content\/uploads\/2025\/11\/1000033877-1170x878.jpg 1170w, http:\/\/zszychlin.com.pl\/wp-content\/uploads\/2025\/11\/1000033877-24x18.jpg 24w, http:\/\/zszychlin.com.pl\/wp-content\/uploads\/2025\/11\/1000033877-36x27.jpg 36w, http:\/\/zszychlin.com.pl\/wp-content\/uploads\/2025\/11\/1000033877-48x36.jpg 48w, http:\/\/zszychlin.com.pl\/wp-content\/uploads\/2025\/11\/1000033877.jpg 2048w\" sizes=\"auto, (max-width: 1024px) 100vw, 1024px\" \/><\/figure>\n<\/figure>\n\n\n\n<p>Milena Hajdasz i Leon Sztuba \u015bpiewaj\u0105co reprezentowali nasz\u0105 szko\u0142\u0119 podczas Przegl\u0105du Pie\u015bni Patriotycznych w Li\u015bcu Wielkim. By\u0142o patriotycznie i wzruszaj\u0105co. Brawo!\u00a0<\/p>\n","protected":false},"excerpt":{"rendered":"<p>Milena Hajdasz i Leon Sztuba \u015bpiewaj\u0105co reprezentowali nasz\u0105 szko\u0142\u0119 podczas Przegl\u0105du Pie\u015bni Patriotycznych<\/p>\n","protected":false},"author":1,"featured_media":19971,"comment_status":"closed","ping_status":"closed","sticky":false,"template":"","format":"standard","meta":{"ngg_post_thumbnail":0,"footnotes":""},"categories":[3],"tags":[],"class_list":["post-19968","post","type-post","status-publish","format-standard","has-post-thumbnail","hentry","category-wiadomosci","two-columns"],"_links":{"self":[{"href":"http:\/\/zszychlin.com.pl\/index.php\/wp-json\/wp\/v2\/posts\/19968","targetHints":{"allow":["GET"]}}],"collection":[{"href":"http:\/\/zszychlin.com.pl\/index.php\/wp-json\/wp\/v2\/posts"}],"about":[{"href":"http:\/\/zszychlin.com.pl\/index.php\/wp-json\/wp\/v2\/types\/post"}],"author":[{"embeddable":true,"href":"http:\/\/zszychlin.com.pl\/index.php\/wp-json\/wp\/v2\/users\/1"}],"replies":[{"embeddable":true,"href":"http:\/\/zszychlin.com.pl\/index.php\/wp-json\/wp\/v2\/comments?post=19968"}],"version-history":[{"count":1,"href":"http:\/\/zszychlin.com.pl\/index.php\/wp-json\/wp\/v2\/posts\/19968\/revisions"}],"predecessor-version":[{"id":19972,"href":"http:\/\/zszychlin.com.pl\/index.php\/wp-json\/wp\/v2\/posts\/19968\/revisions\/19972"}],"wp:featuredmedia":[{"embeddable":true,"href":"http:\/\/zszychlin.com.pl\/index.php\/wp-json\/wp\/v2\/media\/19971"}],"wp:attachment":[{"href":"http:\/\/zszychlin.com.pl\/index.php\/wp-json\/wp\/v2\/media?parent=19968"}],"wp:term":[{"taxonomy":"category","embeddable":true,"href":"http:\/\/zszychlin.com.pl\/index.php\/wp-json\/wp\/v2\/categories?post=19968"},{"taxonomy":"post_tag","embeddable":true,"href":"http:\/\/zszychlin.com.pl\/index.php\/wp-json\/wp\/v2\/tags?post=19968"}],"curies":[{"name":"wp","href":"https:\/\/api.w.org\/{rel}","templated":true}]}}