{"id":20379,"date":"2026-03-06T20:13:34","date_gmt":"2026-03-06T19:13:34","guid":{"rendered":"http:\/\/zszychlin.com.pl\/?p=20379"},"modified":"2026-03-10T20:16:18","modified_gmt":"2026-03-10T19:16:18","slug":"dzien-kobiet-w-oddzialach-przedszkolnych-2","status":"publish","type":"post","link":"http:\/\/zszychlin.com.pl\/index.php\/2026\/03\/06\/dzien-kobiet-w-oddzialach-przedszkolnych-2\/","title":{"rendered":"Dzie\u0144 Kobiet w oddzia\u0142ach przedszkolnych"},"content":{"rendered":"\n<figure class=\"wp-block-gallery has-nested-images columns-default is-cropped wp-block-gallery-1 is-layout-flex wp-block-gallery-is-layout-flex\">\n<figure class=\"wp-block-image size-large\"><img loading=\"lazy\" decoding=\"async\" width=\"1024\" height=\"768\" data-id=\"20380\" src=\"http:\/\/zszychlin.com.pl\/wp-content\/uploads\/2026\/03\/ff11dd5f-88ee-428a-8a98-ca3c56c22845-1024x768.jpg\" alt=\"Dzie\u0144 Kobiet w oddzia\u0142ach przedszkolnych\n\" class=\"wp-image-20380\" srcset=\"http:\/\/zszychlin.com.pl\/wp-content\/uploads\/2026\/03\/ff11dd5f-88ee-428a-8a98-ca3c56c22845-1024x768.jpg 1024w, http:\/\/zszychlin.com.pl\/wp-content\/uploads\/2026\/03\/ff11dd5f-88ee-428a-8a98-ca3c56c22845-300x225.jpg 300w, http:\/\/zszychlin.com.pl\/wp-content\/uploads\/2026\/03\/ff11dd5f-88ee-428a-8a98-ca3c56c22845-768x576.jpg 768w, http:\/\/zszychlin.com.pl\/wp-content\/uploads\/2026\/03\/ff11dd5f-88ee-428a-8a98-ca3c56c22845-1536x1152.jpg 1536w, http:\/\/zszychlin.com.pl\/wp-content\/uploads\/2026\/03\/ff11dd5f-88ee-428a-8a98-ca3c56c22845-1170x878.jpg 1170w, http:\/\/zszychlin.com.pl\/wp-content\/uploads\/2026\/03\/ff11dd5f-88ee-428a-8a98-ca3c56c22845-24x18.jpg 24w, http:\/\/zszychlin.com.pl\/wp-content\/uploads\/2026\/03\/ff11dd5f-88ee-428a-8a98-ca3c56c22845-36x27.jpg 36w, http:\/\/zszychlin.com.pl\/wp-content\/uploads\/2026\/03\/ff11dd5f-88ee-428a-8a98-ca3c56c22845-48x36.jpg 48w, http:\/\/zszychlin.com.pl\/wp-content\/uploads\/2026\/03\/ff11dd5f-88ee-428a-8a98-ca3c56c22845.jpg 2048w\" sizes=\"auto, (max-width: 1024px) 100vw, 1024px\" \/><\/figure>\n\n\n\n<figure class=\"wp-block-image size-large\"><img loading=\"lazy\" decoding=\"async\" width=\"1024\" height=\"768\" data-id=\"20381\" src=\"http:\/\/zszychlin.com.pl\/wp-content\/uploads\/2026\/03\/791f361d-0083-4a05-a3ac-6f19017760b8-1024x768.jpg\" alt=\"Dzie\u0144 Kobiet w oddzia\u0142ach przedszkolnych\n\" class=\"wp-image-20381\" srcset=\"http:\/\/zszychlin.com.pl\/wp-content\/uploads\/2026\/03\/791f361d-0083-4a05-a3ac-6f19017760b8-1024x768.jpg 1024w, http:\/\/zszychlin.com.pl\/wp-content\/uploads\/2026\/03\/791f361d-0083-4a05-a3ac-6f19017760b8-300x225.jpg 300w, http:\/\/zszychlin.com.pl\/wp-content\/uploads\/2026\/03\/791f361d-0083-4a05-a3ac-6f19017760b8-768x576.jpg 768w, http:\/\/zszychlin.com.pl\/wp-content\/uploads\/2026\/03\/791f361d-0083-4a05-a3ac-6f19017760b8-1536x1152.jpg 1536w, http:\/\/zszychlin.com.pl\/wp-content\/uploads\/2026\/03\/791f361d-0083-4a05-a3ac-6f19017760b8-1170x878.jpg 1170w, http:\/\/zszychlin.com.pl\/wp-content\/uploads\/2026\/03\/791f361d-0083-4a05-a3ac-6f19017760b8-24x18.jpg 24w, http:\/\/zszychlin.com.pl\/wp-content\/uploads\/2026\/03\/791f361d-0083-4a05-a3ac-6f19017760b8-36x27.jpg 36w, http:\/\/zszychlin.com.pl\/wp-content\/uploads\/2026\/03\/791f361d-0083-4a05-a3ac-6f19017760b8-48x36.jpg 48w, http:\/\/zszychlin.com.pl\/wp-content\/uploads\/2026\/03\/791f361d-0083-4a05-a3ac-6f19017760b8.jpg 2048w\" sizes=\"auto, (max-width: 1024px) 100vw, 1024px\" \/><\/figure>\n\n\n\n<figure class=\"wp-block-image size-large\"><img loading=\"lazy\" decoding=\"async\" width=\"1024\" height=\"768\" data-id=\"20382\" src=\"http:\/\/zszychlin.com.pl\/wp-content\/uploads\/2026\/03\/7d6c195e-cc14-4efc-8e86-e571bef011de-1024x768.jpg\" alt=\"Dzie\u0144 Kobiet w oddzia\u0142ach przedszkolnych\n\" class=\"wp-image-20382\" srcset=\"http:\/\/zszychlin.com.pl\/wp-content\/uploads\/2026\/03\/7d6c195e-cc14-4efc-8e86-e571bef011de-1024x768.jpg 1024w, http:\/\/zszychlin.com.pl\/wp-content\/uploads\/2026\/03\/7d6c195e-cc14-4efc-8e86-e571bef011de-300x225.jpg 300w, http:\/\/zszychlin.com.pl\/wp-content\/uploads\/2026\/03\/7d6c195e-cc14-4efc-8e86-e571bef011de-768x576.jpg 768w, http:\/\/zszychlin.com.pl\/wp-content\/uploads\/2026\/03\/7d6c195e-cc14-4efc-8e86-e571bef011de-1536x1152.jpg 1536w, http:\/\/zszychlin.com.pl\/wp-content\/uploads\/2026\/03\/7d6c195e-cc14-4efc-8e86-e571bef011de-1170x878.jpg 1170w, http:\/\/zszychlin.com.pl\/wp-content\/uploads\/2026\/03\/7d6c195e-cc14-4efc-8e86-e571bef011de-24x18.jpg 24w, http:\/\/zszychlin.com.pl\/wp-content\/uploads\/2026\/03\/7d6c195e-cc14-4efc-8e86-e571bef011de-36x27.jpg 36w, http:\/\/zszychlin.com.pl\/wp-content\/uploads\/2026\/03\/7d6c195e-cc14-4efc-8e86-e571bef011de-48x36.jpg 48w, http:\/\/zszychlin.com.pl\/wp-content\/uploads\/2026\/03\/7d6c195e-cc14-4efc-8e86-e571bef011de.jpg 2048w\" sizes=\"auto, (max-width: 1024px) 100vw, 1024px\" \/><\/figure>\n<\/figure>\n\n\n\n<p>Z okazji Dnia Kobiet we wszystkich grupach przedszkolnych panowa\u0142a radosna atmosfera. Dzieci wzi\u0119\u0142y udzia\u0142 w warsztatach, podczas kt\u00f3rych samodzielnie przygotowywa\u0142y aromatyczne, owocowe herbatki, poznaj\u0105c r\u00f3\u017cne smaki i zapachy. By\u0142a to nie tylko \u015bwietna zabawa, ale tak\u017ce okazja do wsp\u00f3lnej pracy i rozm\u00f3w. Ch\u0142opcy z\u0142o\u017cyli swoim kole\u017cankom serdeczne \u017cyczenia i podzi\u0119kowali za codzienn\u0105 wsp\u00f3ln\u0105 zabaw\u0119 oraz przyja\u017a\u0144 . Nie zabrak\u0142o u\u015bmiech\u00f3w i mi\u0142ych gest\u00f3w, dzi\u0119ki kt\u00f3rym wszystkie dziewczynki mog\u0142y poczu\u0107 si\u0119 wyj\u0105tkowo.<\/p>\n","protected":false},"excerpt":{"rendered":"<p>Z okazji Dnia Kobiet we wszystkich grupach przedszkolnych panowa\u0142a radosna atmosfera. Dzieci wzi\u0119\u0142y<\/p>\n","protected":false},"author":1,"featured_media":20383,"comment_status":"closed","ping_status":"closed","sticky":false,"template":"","format":"standard","meta":{"ngg_post_thumbnail":0,"footnotes":""},"categories":[11],"tags":[],"class_list":["post-20379","post","type-post","status-publish","format-standard","has-post-thumbnail","hentry","category-przedszkole","two-columns"],"_links":{"self":[{"href":"http:\/\/zszychlin.com.pl\/index.php\/wp-json\/wp\/v2\/posts\/20379","targetHints":{"allow":["GET"]}}],"collection":[{"href":"http:\/\/zszychlin.com.pl\/index.php\/wp-json\/wp\/v2\/posts"}],"about":[{"href":"http:\/\/zszychlin.com.pl\/index.php\/wp-json\/wp\/v2\/types\/post"}],"author":[{"embeddable":true,"href":"http:\/\/zszychlin.com.pl\/index.php\/wp-json\/wp\/v2\/users\/1"}],"replies":[{"embeddable":true,"href":"http:\/\/zszychlin.com.pl\/index.php\/wp-json\/wp\/v2\/comments?post=20379"}],"version-history":[{"count":1,"href":"http:\/\/zszychlin.com.pl\/index.php\/wp-json\/wp\/v2\/posts\/20379\/revisions"}],"predecessor-version":[{"id":20384,"href":"http:\/\/zszychlin.com.pl\/index.php\/wp-json\/wp\/v2\/posts\/20379\/revisions\/20384"}],"wp:featuredmedia":[{"embeddable":true,"href":"http:\/\/zszychlin.com.pl\/index.php\/wp-json\/wp\/v2\/media\/20383"}],"wp:attachment":[{"href":"http:\/\/zszychlin.com.pl\/index.php\/wp-json\/wp\/v2\/media?parent=20379"}],"wp:term":[{"taxonomy":"category","embeddable":true,"href":"http:\/\/zszychlin.com.pl\/index.php\/wp-json\/wp\/v2\/categories?post=20379"},{"taxonomy":"post_tag","embeddable":true,"href":"http:\/\/zszychlin.com.pl\/index.php\/wp-json\/wp\/v2\/tags?post=20379"}],"curies":[{"name":"wp","href":"https:\/\/api.w.org\/{rel}","templated":true}]}}