{"id":20457,"date":"2026-03-23T17:30:09","date_gmt":"2026-03-23T16:30:09","guid":{"rendered":"http:\/\/zszychlin.com.pl\/?p=20457"},"modified":"2026-03-30T17:50:28","modified_gmt":"2026-03-30T15:50:28","slug":"podsumowanie-konkursu-najwspanialsza-maska-karnawalowa","status":"publish","type":"post","link":"http:\/\/zszychlin.com.pl\/index.php\/2026\/03\/23\/podsumowanie-konkursu-najwspanialsza-maska-karnawalowa\/","title":{"rendered":"Podsumowanie konkursu \u201eNajwspanialsza maska karnawa\u0142owa\u201d"},"content":{"rendered":"\n<figure class=\"wp-block-gallery has-nested-images columns-default is-cropped wp-block-gallery-1 is-layout-flex wp-block-gallery-is-layout-flex\">\n<figure class=\"wp-block-image size-large\"><img loading=\"lazy\" decoding=\"async\" width=\"575\" height=\"1024\" data-id=\"20458\" src=\"http:\/\/zszychlin.com.pl\/wp-content\/uploads\/2026\/03\/31f9f3e0-cf3f-4ff4-86ba-cf0bcc720648-575x1024.jpg\" alt=\"Podsumowanie konkursu \u201eNajwspanialsza maska karnawa\u0142owa\u201d\" class=\"wp-image-20458\" srcset=\"http:\/\/zszychlin.com.pl\/wp-content\/uploads\/2026\/03\/31f9f3e0-cf3f-4ff4-86ba-cf0bcc720648-575x1024.jpg 575w, http:\/\/zszychlin.com.pl\/wp-content\/uploads\/2026\/03\/31f9f3e0-cf3f-4ff4-86ba-cf0bcc720648-169x300.jpg 169w, http:\/\/zszychlin.com.pl\/wp-content\/uploads\/2026\/03\/31f9f3e0-cf3f-4ff4-86ba-cf0bcc720648-768x1367.jpg 768w, http:\/\/zszychlin.com.pl\/wp-content\/uploads\/2026\/03\/31f9f3e0-cf3f-4ff4-86ba-cf0bcc720648-863x1536.jpg 863w, http:\/\/zszychlin.com.pl\/wp-content\/uploads\/2026\/03\/31f9f3e0-cf3f-4ff4-86ba-cf0bcc720648-13x24.jpg 13w, http:\/\/zszychlin.com.pl\/wp-content\/uploads\/2026\/03\/31f9f3e0-cf3f-4ff4-86ba-cf0bcc720648-20x36.jpg 20w, http:\/\/zszychlin.com.pl\/wp-content\/uploads\/2026\/03\/31f9f3e0-cf3f-4ff4-86ba-cf0bcc720648-27x48.jpg 27w, http:\/\/zszychlin.com.pl\/wp-content\/uploads\/2026\/03\/31f9f3e0-cf3f-4ff4-86ba-cf0bcc720648.jpg 1095w\" sizes=\"auto, (max-width: 575px) 100vw, 575px\" \/><\/figure>\n\n\n\n<figure class=\"wp-block-image size-large\"><img loading=\"lazy\" decoding=\"async\" width=\"768\" height=\"1024\" data-id=\"20459\" src=\"http:\/\/zszychlin.com.pl\/wp-content\/uploads\/2026\/03\/1fc96ca7-2dfd-4e3d-a681-999d67778b7b-768x1024.jpg\" alt=\"Podsumowanie konkursu \u201eNajwspanialsza maska karnawa\u0142owa\u201d\" class=\"wp-image-20459\" srcset=\"http:\/\/zszychlin.com.pl\/wp-content\/uploads\/2026\/03\/1fc96ca7-2dfd-4e3d-a681-999d67778b7b-768x1024.jpg 768w, http:\/\/zszychlin.com.pl\/wp-content\/uploads\/2026\/03\/1fc96ca7-2dfd-4e3d-a681-999d67778b7b-225x300.jpg 225w, http:\/\/zszychlin.com.pl\/wp-content\/uploads\/2026\/03\/1fc96ca7-2dfd-4e3d-a681-999d67778b7b-1152x1536.jpg 1152w, http:\/\/zszychlin.com.pl\/wp-content\/uploads\/2026\/03\/1fc96ca7-2dfd-4e3d-a681-999d67778b7b-1170x1560.jpg 1170w, http:\/\/zszychlin.com.pl\/wp-content\/uploads\/2026\/03\/1fc96ca7-2dfd-4e3d-a681-999d67778b7b-18x24.jpg 18w, http:\/\/zszychlin.com.pl\/wp-content\/uploads\/2026\/03\/1fc96ca7-2dfd-4e3d-a681-999d67778b7b-27x36.jpg 27w, http:\/\/zszychlin.com.pl\/wp-content\/uploads\/2026\/03\/1fc96ca7-2dfd-4e3d-a681-999d67778b7b-36x48.jpg 36w, http:\/\/zszychlin.com.pl\/wp-content\/uploads\/2026\/03\/1fc96ca7-2dfd-4e3d-a681-999d67778b7b.jpg 1536w\" sizes=\"auto, (max-width: 768px) 100vw, 768px\" \/><\/figure>\n\n\n\n<figure class=\"wp-block-image size-large\"><img loading=\"lazy\" decoding=\"async\" width=\"714\" height=\"1024\" data-id=\"20460\" src=\"http:\/\/zszychlin.com.pl\/wp-content\/uploads\/2026\/03\/94709985-8282-4117-a3fe-295049c47612-714x1024.jpg\" alt=\"Podsumowanie konkursu \u201eNajwspanialsza maska karnawa\u0142owa\u201d\" class=\"wp-image-20460\" srcset=\"http:\/\/zszychlin.com.pl\/wp-content\/uploads\/2026\/03\/94709985-8282-4117-a3fe-295049c47612-714x1024.jpg 714w, http:\/\/zszychlin.com.pl\/wp-content\/uploads\/2026\/03\/94709985-8282-4117-a3fe-295049c47612-209x300.jpg 209w, http:\/\/zszychlin.com.pl\/wp-content\/uploads\/2026\/03\/94709985-8282-4117-a3fe-295049c47612-768x1102.jpg 768w, http:\/\/zszychlin.com.pl\/wp-content\/uploads\/2026\/03\/94709985-8282-4117-a3fe-295049c47612-1070x1536.jpg 1070w, http:\/\/zszychlin.com.pl\/wp-content\/uploads\/2026\/03\/94709985-8282-4117-a3fe-295049c47612-1170x1679.jpg 1170w, http:\/\/zszychlin.com.pl\/wp-content\/uploads\/2026\/03\/94709985-8282-4117-a3fe-295049c47612-17x24.jpg 17w, http:\/\/zszychlin.com.pl\/wp-content\/uploads\/2026\/03\/94709985-8282-4117-a3fe-295049c47612-25x36.jpg 25w, http:\/\/zszychlin.com.pl\/wp-content\/uploads\/2026\/03\/94709985-8282-4117-a3fe-295049c47612-33x48.jpg 33w, http:\/\/zszychlin.com.pl\/wp-content\/uploads\/2026\/03\/94709985-8282-4117-a3fe-295049c47612.jpg 1276w\" sizes=\"auto, (max-width: 714px) 100vw, 714px\" \/><\/figure>\n<\/figure>\n\n\n\n<p>23 marca 2026 r. zosta\u0142 rozstrzygni\u0119ty konkurs zorganizowany przez Samorz\u0105d Uczniowski pt. \u201eNajwspanialsza maska karnawa\u0142owa\u201d.<\/p>\n\n\n\n<p>Nagrody przyznano w dw\u00f3ch kategoriach wiekowych:<\/p>\n\n\n\n<p><strong>Klasy I-III:<\/strong><\/p>\n\n\n\n<p>\u00b7&nbsp;&nbsp;&nbsp;&nbsp;&nbsp;&nbsp;&nbsp;I miejsce \u2013 Liliana Sztuba, kl. Ib<\/p>\n\n\n\n<p>\u00b7&nbsp;&nbsp;&nbsp;&nbsp;&nbsp;&nbsp;&nbsp;II miejsce \u2013 Liwia Waleria\u0144czyk, kl. IIb<\/p>\n\n\n\n<p>\u00b7&nbsp;&nbsp;&nbsp;&nbsp;&nbsp;&nbsp;&nbsp;III miejsce \u2013 Jakub Rosi\u0144ski, kl. IIa<\/p>\n\n\n\n<p>\u00b7&nbsp;&nbsp;&nbsp;&nbsp;&nbsp;&nbsp;&nbsp;Wyr\u00f3\u017cnienia: Zofia Sobczak, kl. Ib; Izabela Chorzewska, kl. Ib<\/p>\n\n\n\n<p><strong>Klasy IV\u2013VIII:<\/strong><strong><\/strong><\/p>\n\n\n\n<p>\u00b7&nbsp;&nbsp;&nbsp;&nbsp;&nbsp;&nbsp;&nbsp;I miejsce \u2013 Izabela Nykowska, kl. Vb<\/p>\n\n\n\n<p>\u00b7&nbsp;&nbsp;&nbsp;&nbsp;&nbsp;&nbsp;&nbsp;II miejsce \u2013 Oliwia Kuszy\u0144ska, kl. VII<\/p>\n\n\n\n<p>\u00b7&nbsp;&nbsp;&nbsp;&nbsp;&nbsp;&nbsp;&nbsp;III miejsce \u2013 Amelia Wojd\u0119cka, kl. IVb<\/p>\n\n\n\n<p>\u00b7&nbsp;&nbsp;&nbsp;&nbsp;&nbsp;&nbsp;&nbsp;Wyr\u00f3\u017cnienia: Konrad Kolski, kl. IVa; Bartosz Perli\u0144ski, kl. VII<\/p>\n\n\n\n<p>Serdecznie gratulujemy wszystkim uczestnikom i laureatom! Dzi\u0119kujemy za zaanga\u017cowanie, kreatywno\u015b\u0107 oraz pi\u0119kne prace. Zach\u0119camy do udzia\u0142u w kolejnych konkursach szkolnych.<\/p>\n","protected":false},"excerpt":{"rendered":"<p>23 marca 2026 r. zosta\u0142 rozstrzygni\u0119ty konkurs zorganizowany przez Samorz\u0105d Uczniowski pt. \u201eNajwspanialsza<\/p>\n","protected":false},"author":1,"featured_media":20461,"comment_status":"closed","ping_status":"closed","sticky":false,"template":"","format":"standard","meta":{"ngg_post_thumbnail":0,"footnotes":""},"categories":[3],"tags":[],"class_list":["post-20457","post","type-post","status-publish","format-standard","has-post-thumbnail","hentry","category-wiadomosci","two-columns"],"_links":{"self":[{"href":"http:\/\/zszychlin.com.pl\/index.php\/wp-json\/wp\/v2\/posts\/20457","targetHints":{"allow":["GET"]}}],"collection":[{"href":"http:\/\/zszychlin.com.pl\/index.php\/wp-json\/wp\/v2\/posts"}],"about":[{"href":"http:\/\/zszychlin.com.pl\/index.php\/wp-json\/wp\/v2\/types\/post"}],"author":[{"embeddable":true,"href":"http:\/\/zszychlin.com.pl\/index.php\/wp-json\/wp\/v2\/users\/1"}],"replies":[{"embeddable":true,"href":"http:\/\/zszychlin.com.pl\/index.php\/wp-json\/wp\/v2\/comments?post=20457"}],"version-history":[{"count":1,"href":"http:\/\/zszychlin.com.pl\/index.php\/wp-json\/wp\/v2\/posts\/20457\/revisions"}],"predecessor-version":[{"id":20462,"href":"http:\/\/zszychlin.com.pl\/index.php\/wp-json\/wp\/v2\/posts\/20457\/revisions\/20462"}],"wp:featuredmedia":[{"embeddable":true,"href":"http:\/\/zszychlin.com.pl\/index.php\/wp-json\/wp\/v2\/media\/20461"}],"wp:attachment":[{"href":"http:\/\/zszychlin.com.pl\/index.php\/wp-json\/wp\/v2\/media?parent=20457"}],"wp:term":[{"taxonomy":"category","embeddable":true,"href":"http:\/\/zszychlin.com.pl\/index.php\/wp-json\/wp\/v2\/categories?post=20457"},{"taxonomy":"post_tag","embeddable":true,"href":"http:\/\/zszychlin.com.pl\/index.php\/wp-json\/wp\/v2\/tags?post=20457"}],"curies":[{"name":"wp","href":"https:\/\/api.w.org\/{rel}","templated":true}]}}