{"id":20475,"date":"2026-03-27T08:27:12","date_gmt":"2026-03-27T07:27:12","guid":{"rendered":"https:\/\/zszychlin.com.pl\/?p=20475"},"modified":"2026-04-01T08:28:52","modified_gmt":"2026-04-01T06:28:52","slug":"podsumowanie-konkursow-wielkanocnych","status":"publish","type":"post","link":"http:\/\/zszychlin.com.pl\/index.php\/2026\/03\/27\/podsumowanie-konkursow-wielkanocnych\/","title":{"rendered":"Podsumowanie konkurs\u00f3w wielkanocnych"},"content":{"rendered":"\n<figure class=\"wp-block-gallery has-nested-images columns-default is-cropped wp-block-gallery-1 is-layout-flex wp-block-gallery-is-layout-flex\">\n<figure class=\"wp-block-image size-large\"><img loading=\"lazy\" decoding=\"async\" width=\"1024\" height=\"575\" data-id=\"20476\" src=\"https:\/\/zszychlin.com.pl\/wp-content\/uploads\/2026\/04\/DSC06787-1024x575.jpg\" alt=\"Podsumowanie konkurs\u00f3w wielkanocnych\" class=\"wp-image-20476\" srcset=\"http:\/\/zszychlin.com.pl\/wp-content\/uploads\/2026\/04\/DSC06787-1024x575.jpg 1024w, http:\/\/zszychlin.com.pl\/wp-content\/uploads\/2026\/04\/DSC06787-300x168.jpg 300w, http:\/\/zszychlin.com.pl\/wp-content\/uploads\/2026\/04\/DSC06787-768x431.jpg 768w, http:\/\/zszychlin.com.pl\/wp-content\/uploads\/2026\/04\/DSC06787-1536x862.jpg 1536w, http:\/\/zszychlin.com.pl\/wp-content\/uploads\/2026\/04\/DSC06787-2048x1149.jpg 2048w, http:\/\/zszychlin.com.pl\/wp-content\/uploads\/2026\/04\/DSC06787-1170x657.jpg 1170w, http:\/\/zszychlin.com.pl\/wp-content\/uploads\/2026\/04\/DSC06787-24x13.jpg 24w, http:\/\/zszychlin.com.pl\/wp-content\/uploads\/2026\/04\/DSC06787-36x20.jpg 36w, http:\/\/zszychlin.com.pl\/wp-content\/uploads\/2026\/04\/DSC06787-48x27.jpg 48w\" sizes=\"auto, (max-width: 1024px) 100vw, 1024px\" \/><\/figure>\n<\/figure>\n\n\n\n<p>27 marca 2026 r. w naszej szkole odby\u0142o si\u0119 uroczyste podsumowanie Gminnych Konkurs\u00f3w: \u201eOzdoba Wielkanocna\u201d oraz konkurs dla rodzic\u00f3w i krewnych uczni\u00f3w \u201eDekoracje Wielkanocne\u201d.<\/p>\n\n\n\n<p>Rywalizacja w konkursie gminnym przebiega\u0142a w trzech kategoriach wiekowych:<\/p>\n\n\n\n<ul class=\"wp-block-list\">\n<li>klasy I\u2013III (pisanka, kartka \u015bwi\u0105teczna),<\/li>\n\n\n\n<li>klasy IV\u2013VI (pisanka, ozdoba wielkanocna),<\/li>\n\n\n\n<li>klasy VII\u2013VIII (pisanka, ozdoba wielkanocna).<\/li>\n<\/ul>\n\n\n\n<p>Na konkurs wp\u0142yn\u0119\u0142o ponad 100 prac ze szk\u00f3\u0142 w Starym Mie\u015bcie, Li\u015bcu Wielkim, Barczyg\u0142owie oraz \u017bychlina. Dodatkowo zg\u0142oszono 4 prace w konkursie dla rodzic\u00f3w i krewnych uczni\u00f3w.<\/p>\n\n\n\n<p>Oceny prac dokona\u0142a komisja konkursowa w sk\u0142adzie:<\/p>\n\n\n\n<ul class=\"wp-block-list\">\n<li>Joanna Janiak-Zembrzycka \u2013 Kierownik Referatu O\u015bwiaty, Kultury i Sportu,<\/li>\n\n\n\n<li>Katarzyna Burdzi\u0144ska \u2013 cz\u0142onkini Ko\u0142a Gospody\u0144 Wiejskich w Janowicach.<\/li>\n<\/ul>\n\n\n\n<p>Nagrody zosta\u0142y ufundowane przez Urz\u0105d Gminy Stare Miasto oraz Samorz\u0105d Uczniowski Szko\u0142y Podstawowej im. Jana Paw\u0142a II w \u017bychlinie.<\/p>\n\n\n\n<p>Serdecznie gratulujemy wszystkim uczestnikom i dzi\u0119kujemy za zaanga\u017cowanie.<\/p>\n","protected":false},"excerpt":{"rendered":"<p>27 marca 2026 r. w naszej szkole odby\u0142o si\u0119 uroczyste podsumowanie Gminnych Konkurs\u00f3w:<\/p>\n","protected":false},"author":1,"featured_media":20477,"comment_status":"closed","ping_status":"closed","sticky":false,"template":"","format":"standard","meta":{"ngg_post_thumbnail":0,"footnotes":""},"categories":[3],"tags":[],"class_list":["post-20475","post","type-post","status-publish","format-standard","has-post-thumbnail","hentry","category-wiadomosci","two-columns"],"_links":{"self":[{"href":"http:\/\/zszychlin.com.pl\/index.php\/wp-json\/wp\/v2\/posts\/20475","targetHints":{"allow":["GET"]}}],"collection":[{"href":"http:\/\/zszychlin.com.pl\/index.php\/wp-json\/wp\/v2\/posts"}],"about":[{"href":"http:\/\/zszychlin.com.pl\/index.php\/wp-json\/wp\/v2\/types\/post"}],"author":[{"embeddable":true,"href":"http:\/\/zszychlin.com.pl\/index.php\/wp-json\/wp\/v2\/users\/1"}],"replies":[{"embeddable":true,"href":"http:\/\/zszychlin.com.pl\/index.php\/wp-json\/wp\/v2\/comments?post=20475"}],"version-history":[{"count":1,"href":"http:\/\/zszychlin.com.pl\/index.php\/wp-json\/wp\/v2\/posts\/20475\/revisions"}],"predecessor-version":[{"id":20478,"href":"http:\/\/zszychlin.com.pl\/index.php\/wp-json\/wp\/v2\/posts\/20475\/revisions\/20478"}],"wp:featuredmedia":[{"embeddable":true,"href":"http:\/\/zszychlin.com.pl\/index.php\/wp-json\/wp\/v2\/media\/20477"}],"wp:attachment":[{"href":"http:\/\/zszychlin.com.pl\/index.php\/wp-json\/wp\/v2\/media?parent=20475"}],"wp:term":[{"taxonomy":"category","embeddable":true,"href":"http:\/\/zszychlin.com.pl\/index.php\/wp-json\/wp\/v2\/categories?post=20475"},{"taxonomy":"post_tag","embeddable":true,"href":"http:\/\/zszychlin.com.pl\/index.php\/wp-json\/wp\/v2\/tags?post=20475"}],"curies":[{"name":"wp","href":"https:\/\/api.w.org\/{rel}","templated":true}]}}